{"id":943,"date":"2023-09-28T04:40:00","date_gmt":"2023-09-28T04:40:00","guid":{"rendered":"https:\/\/karlacasillas.mx\/?p=943"},"modified":"2024-05-30T04:43:25","modified_gmt":"2024-05-30T04:43:25","slug":"la-oscuridad-de-la-luz-del-mundo","status":"publish","type":"post","link":"https:\/\/karlacasillas.mx\/index.php\/2023\/09\/28\/la-oscuridad-de-la-luz-del-mundo\/","title":{"rendered":"La oscuridad de La Luz del Mundo."},"content":{"rendered":"\n<p>Documental. Direcci\u00f3n: Carlos P\u00e9rez Osorio. Directora de investigaci\u00f3n: Karla Casillas Berm\u00fadez.<\/p>\n\n\n\n<figure class=\"wp-block-embed is-type-video is-provider-youtube wp-block-embed-youtube wp-embed-aspect-16-9 wp-has-aspect-ratio\"><div class=\"wp-block-embed__wrapper\">\n<div class=\"jetpack-video-wrapper\"><iframe loading=\"lazy\" title=\"la oscuridad de la luz del mundo Tr\u00e1iler Oficial\" width=\"640\" height=\"360\" src=\"https:\/\/www.youtube.com\/embed\/RmqjWQRkmvs?feature=oembed\" frameborder=\"0\" allow=\"accelerometer; autoplay; clipboard-write; encrypted-media; gyroscope; picture-in-picture; web-share\" referrerpolicy=\"strict-origin-when-cross-origin\" allowfullscreen><\/iframe><\/div>\n<\/div><\/figure>\n","protected":false},"excerpt":{"rendered":"<p>Documental. Direcci\u00f3n: Carlos P\u00e9rez Osorio. Directora de investigaci\u00f3n: Karla Casillas Berm\u00fadez.<\/p>\n","protected":false},"author":1,"featured_media":944,"comment_status":"closed","ping_status":"closed","sticky":false,"template":"","format":"standard","meta":{"_mi_skip_tracking":false,"_monsterinsights_sitenote_active":false,"_monsterinsights_sitenote_note":"","_monsterinsights_sitenote_category":0,"footnotes":""},"categories":[7,1],"tags":[],"class_list":["post-943","post","type-post","status-publish","format-standard","has-post-thumbnail","hentry","category-documental","category-uncategorized"],"aioseo_notices":[],"jetpack_featured_media_url":"https:\/\/i0.wp.com\/karlacasillas.mx\/wp-content\/uploads\/2024\/05\/ES_LODLLDM_RGB_HORIZONTAL_16x9_POST.jpg?fit=2500%2C1406&ssl=1","_links":{"self":[{"href":"https:\/\/karlacasillas.mx\/index.php\/wp-json\/wp\/v2\/posts\/943","targetHints":{"allow":["GET"]}}],"collection":[{"href":"https:\/\/karlacasillas.mx\/index.php\/wp-json\/wp\/v2\/posts"}],"about":[{"href":"https:\/\/karlacasillas.mx\/index.php\/wp-json\/wp\/v2\/types\/post"}],"author":[{"embeddable":true,"href":"https:\/\/karlacasillas.mx\/index.php\/wp-json\/wp\/v2\/users\/1"}],"replies":[{"embeddable":true,"href":"https:\/\/karlacasillas.mx\/index.php\/wp-json\/wp\/v2\/comments?post=943"}],"version-history":[{"count":1,"href":"https:\/\/karlacasillas.mx\/index.php\/wp-json\/wp\/v2\/posts\/943\/revisions"}],"predecessor-version":[{"id":945,"href":"https:\/\/karlacasillas.mx\/index.php\/wp-json\/wp\/v2\/posts\/943\/revisions\/945"}],"wp:featuredmedia":[{"embeddable":true,"href":"https:\/\/karlacasillas.mx\/index.php\/wp-json\/wp\/v2\/media\/944"}],"wp:attachment":[{"href":"https:\/\/karlacasillas.mx\/index.php\/wp-json\/wp\/v2\/media?parent=943"}],"wp:term":[{"taxonomy":"category","embeddable":true,"href":"https:\/\/karlacasillas.mx\/index.php\/wp-json\/wp\/v2\/categories?post=943"},{"taxonomy":"post_tag","embeddable":true,"href":"https:\/\/karlacasillas.mx\/index.php\/wp-json\/wp\/v2\/tags?post=943"}],"curies":[{"name":"wp","href":"https:\/\/api.w.org\/{rel}","templated":true}]}}