{"id":81,"date":"2020-09-10T20:18:00","date_gmt":"2020-09-10T20:18:00","guid":{"rendered":"https:\/\/karlacasillas.mx\/?p=81"},"modified":"2024-03-09T00:46:50","modified_gmt":"2024-03-09T00:46:50","slug":"falsas-terrazas-territorio-de-humo-y-covid-19","status":"publish","type":"post","link":"https:\/\/karlacasillas.mx\/index.php\/2020\/09\/10\/falsas-terrazas-territorio-de-humo-y-covid-19\/","title":{"rendered":"Falsas terrazas: territorio de humo y covid-19"},"content":{"rendered":"\n<p>ETHOS. Laboratorio de pol\u00edticas p\u00fablicas. Autores: Alejandro Melgoza y Sergio Rinc\u00f3n.<\/p>\n\n\n\n<p>Publicado en Aristegui Noticias el 10 de septiembre de 2020.<\/p>\n\n\n\n<figure class=\"wp-block-embed-pdf-viewer-pdf wp-block-embed-pdf-viewer-pdf__content-wrapper aligncenter\"><object class=\"embed-pdf-viewer\" data=\"https:\/\/karlacasillas.mx\/wp-content\/uploads\/2022\/03\/Falsas-terrazas_-Territorio-de-humo-y-Covid-19-1.pdf#scrollbar=1&amp;toolbar=1\" type=\"application\/pdf\" height=\"1100\" width=\"1100\" title=\"\"><\/object><iframe loading=\"lazy\" class=\"embed-pdf-viewer\" src=\"https:\/\/docs.google.com\/viewer?url=https%3A%2F%2Fkarlacasillas.mx%2Fwp-content%2Fuploads%2F2022%2F03%2FFalsas-terrazas_-Territorio-de-humo-y-Covid-19-1.pdf&amp;embedded=true\" frameborder=\"0\" height=\"1100\" width=\"1100\" title=\"\"><\/iframe><\/figure>\n\n\n\n<p>Les dejo por aqu\u00ed el link a la publicaci\u00f3n original en el portal de ETHOS : <a href=\"https:\/\/www.ethos.org.mx\/wp-content\/uploads\/2020\/09\/Falsas-terrazas_-Territorio-de-humo-y-Covid-19-1.pdf\" target=\"_blank\" rel=\"noreferrer noopener\" title=\"&quot;Falsas terrazas: territorio de humo y covid-19&quot;\">&#8220;Falsas terrazas: territorio de humo y covid-19&#8221;<\/a><\/p>\n\n\n\n<p>Y por aqu\u00ed el link a la publicaci\u00f3n en Aristegui Noticias: <a href=\"https:\/\/aristeguinoticias.com\/1009\/mexico\/falsas-terrazas-territorio-de-humo-y-covid-19\/\" target=\"_blank\" rel=\"noreferrer noopener\" title=\"&quot;Falsas terrazas: territorio de humo y covid-19&quot;\">&#8220;Falsas terrazas: territorio de humo y covid-19&#8221;<\/a><\/p>\n","protected":false},"excerpt":{"rendered":"<p>ETHOS. Laboratorio de pol\u00edticas p\u00fablicas. Autores: Alejandro Melgoza y Sergio Rinc\u00f3n. Publicado en Aristegui Noticias el 10 de septiembre de 2020. Les dejo por aqu\u00ed el link a la publicaci\u00f3n original en el portal de ETHOS : &#8220;Falsas terrazas: territorio de humo y covid-19&#8221; Y por aqu\u00ed el link a la publicaci\u00f3n en Aristegui Noticias:&#8230;<\/p>\n","protected":false},"author":1,"featured_media":83,"comment_status":"closed","ping_status":"open","sticky":false,"template":"","format":"standard","meta":{"_mi_skip_tracking":false,"_monsterinsights_sitenote_active":false,"_monsterinsights_sitenote_note":"","_monsterinsights_sitenote_category":0,"footnotes":""},"categories":[5,1],"tags":[],"class_list":["post-81","post","type-post","status-publish","format-standard","has-post-thumbnail","hentry","category-edicion","category-uncategorized"],"aioseo_notices":[],"jetpack_featured_media_url":"https:\/\/i0.wp.com\/karlacasillas.mx\/wp-content\/uploads\/2022\/02\/Captura-de-pantalla-2022-02-14-a-las-14.17.25.png?fit=805%2C454&ssl=1","_links":{"self":[{"href":"https:\/\/karlacasillas.mx\/index.php\/wp-json\/wp\/v2\/posts\/81","targetHints":{"allow":["GET"]}}],"collection":[{"href":"https:\/\/karlacasillas.mx\/index.php\/wp-json\/wp\/v2\/posts"}],"about":[{"href":"https:\/\/karlacasillas.mx\/index.php\/wp-json\/wp\/v2\/types\/post"}],"author":[{"embeddable":true,"href":"https:\/\/karlacasillas.mx\/index.php\/wp-json\/wp\/v2\/users\/1"}],"replies":[{"embeddable":true,"href":"https:\/\/karlacasillas.mx\/index.php\/wp-json\/wp\/v2\/comments?post=81"}],"version-history":[{"count":11,"href":"https:\/\/karlacasillas.mx\/index.php\/wp-json\/wp\/v2\/posts\/81\/revisions"}],"predecessor-version":[{"id":890,"href":"https:\/\/karlacasillas.mx\/index.php\/wp-json\/wp\/v2\/posts\/81\/revisions\/890"}],"wp:featuredmedia":[{"embeddable":true,"href":"https:\/\/karlacasillas.mx\/index.php\/wp-json\/wp\/v2\/media\/83"}],"wp:attachment":[{"href":"https:\/\/karlacasillas.mx\/index.php\/wp-json\/wp\/v2\/media?parent=81"}],"wp:term":[{"taxonomy":"category","embeddable":true,"href":"https:\/\/karlacasillas.mx\/index.php\/wp-json\/wp\/v2\/categories?post=81"},{"taxonomy":"post_tag","embeddable":true,"href":"https:\/\/karlacasillas.mx\/index.php\/wp-json\/wp\/v2\/tags?post=81"}],"curies":[{"name":"wp","href":"https:\/\/api.w.org\/{rel}","templated":true}]}}