{"id":449,"date":"2017-11-29T17:00:00","date_gmt":"2017-11-29T17:00:00","guid":{"rendered":"https:\/\/karlacasillas.mx\/?p=449"},"modified":"2024-03-09T00:47:27","modified_gmt":"2024-03-09T00:47:27","slug":"la-huelga-de-hambre-que-unio-a-los-narcos-mas-peligrosos-en-mexico","status":"publish","type":"post","link":"https:\/\/karlacasillas.mx\/index.php\/2017\/11\/29\/la-huelga-de-hambre-que-unio-a-los-narcos-mas-peligrosos-en-mexico\/","title":{"rendered":"La huelga de hambre que uni\u00f3 a los narcos m\u00e1s peligrosos en M\u00e9xico"},"content":{"rendered":"\n<p>VICE. 29 de noviembre de 2017. Texto: Oll\u00edn Velasco. Ilustraciones: Clementina Le\u00f3n con im\u00e1genes de cuartoscuro.com<\/p>\n\n\n\n<figure class=\"wp-block-embed-pdf-viewer-pdf wp-block-embed-pdf-viewer-pdf__content-wrapper aligncenter\"><object class=\"embed-pdf-viewer\" data=\"https:\/\/karlacasillas.mx\/wp-content\/uploads\/2022\/06\/LA_HUELGA_DE_HAMBRE_QUE_UNIO\u0301_A_LOS_NARCOS_MA\u0301S_PELIGROSOS_DE_ME\u0301XICO.pdf#scrollbar=1&amp;toolbar=1\" type=\"application\/pdf\" height=\"1100\" width=\"1100\" title=\"\"><\/object><iframe loading=\"lazy\" class=\"embed-pdf-viewer\" src=\"https:\/\/docs.google.com\/viewer?url=https%3A%2F%2Fkarlacasillas.mx%2Fwp-content%2Fuploads%2F2022%2F06%2FLA_HUELGA_DE_HAMBRE_QUE_UNIO%CC%81_A_LOS_NARCOS_MA%CC%81S_PELIGROSOS_DE_ME%CC%81XICO.pdf&amp;embedded=true\" frameborder=\"0\" height=\"1100\" width=\"1100\" title=\"\"><\/iframe><\/figure>\n\n\n\n<p>Por aqu\u00ed les dejo el link a la publicaci\u00f3n original: <a href=\"https:\/\/www.vice.com\/es\/article\/qv35yx\/vice-news-la-huelga-de-hambre-que-unio-a-los-narcos-mas-peligrosos-en-mexico\" target=\"_blank\" rel=\"noreferrer noopener\" title=\"&quot;La huelga de hambre que uni\u00f3 a los narcos m\u00e1s peligrosos en M\u00e9xico.&quot;\">&#8220;La huelga de hambre que uni\u00f3 a los narcos m\u00e1s peligrosos en M\u00e9xico.&#8221;<\/a><\/p>\n\n\n\n<p><a href=\"https:\/\/karlacasillas.mx\/index.php\/2017\/11\/30\/serie-disturbios-tras-las-rejas\/\" title=\"Volver a SERIE. &quot;Disturbios tras las rejas.&quot;\">Volver a SERIE. &#8220;Disturbios tras las rejas.&#8221;<\/a><\/p>\n\n\n<ul class=\"wp-block-latest-posts__list is-grid columns-2 wp-block-latest-posts\"><li><div class=\"wp-block-latest-posts__featured-image\"><a href=\"https:\/\/karlacasillas.mx\/index.php\/2017\/11\/30\/las-ventajas-de-ser-un-reo-adinerado-en-una-carcel-mexicana\/\" aria-label=\"Las ventajas de ser un reo adinerado en una c\u00e1rcel mexicana\"><img loading=\"lazy\" decoding=\"async\" width=\"640\" height=\"508\" src=\"https:\/\/i0.wp.com\/karlacasillas.mx\/wp-content\/uploads\/2022\/06\/Captura-de-pantalla-2022-06-03-a-las-11.29.42.png?fit=640%2C508&amp;ssl=1\" class=\"attachment-large size-large wp-post-image\" alt=\"\" style=\"\" srcset=\"https:\/\/i0.wp.com\/karlacasillas.mx\/wp-content\/uploads\/2022\/06\/Captura-de-pantalla-2022-06-03-a-las-11.29.42.png?w=640&amp;ssl=1 640w, https:\/\/i0.wp.com\/karlacasillas.mx\/wp-content\/uploads\/2022\/06\/Captura-de-pantalla-2022-06-03-a-las-11.29.42.png?resize=300%2C238&amp;ssl=1 300w\" sizes=\"auto, (max-width: 640px) 100vw, 640px\" \/><\/a><\/div><a class=\"wp-block-latest-posts__post-title\" href=\"https:\/\/karlacasillas.mx\/index.php\/2017\/11\/30\/las-ventajas-de-ser-un-reo-adinerado-en-una-carcel-mexicana\/\">Las ventajas de ser un reo adinerado en una c\u00e1rcel mexicana<\/a><\/li>\n<li><div class=\"wp-block-latest-posts__featured-image\"><a href=\"https:\/\/karlacasillas.mx\/index.php\/2017\/11\/29\/la-huelga-de-hambre-que-unio-a-los-narcos-mas-peligrosos-en-mexico\/\" aria-label=\"La huelga de hambre que uni\u00f3 a los narcos m\u00e1s peligrosos en M\u00e9xico\"><img loading=\"lazy\" decoding=\"async\" width=\"640\" height=\"534\" src=\"https:\/\/i0.wp.com\/karlacasillas.mx\/wp-content\/uploads\/2022\/06\/Captura-de-pantalla-2022-06-03-a-las-11.29.06.png?fit=640%2C534&amp;ssl=1\" class=\"attachment-large size-large wp-post-image\" alt=\"\" style=\"\" srcset=\"https:\/\/i0.wp.com\/karlacasillas.mx\/wp-content\/uploads\/2022\/06\/Captura-de-pantalla-2022-06-03-a-las-11.29.06.png?w=641&amp;ssl=1 641w, https:\/\/i0.wp.com\/karlacasillas.mx\/wp-content\/uploads\/2022\/06\/Captura-de-pantalla-2022-06-03-a-las-11.29.06.png?resize=300%2C250&amp;ssl=1 300w\" sizes=\"auto, (max-width: 640px) 100vw, 640px\" \/><\/a><\/div><a class=\"wp-block-latest-posts__post-title\" href=\"https:\/\/karlacasillas.mx\/index.php\/2017\/11\/29\/la-huelga-de-hambre-que-unio-a-los-narcos-mas-peligrosos-en-mexico\/\">La huelga de hambre que uni\u00f3 a los narcos m\u00e1s peligrosos en M\u00e9xico<\/a><\/li>\n<li><div class=\"wp-block-latest-posts__featured-image\"><a href=\"https:\/\/karlacasillas.mx\/index.php\/2017\/11\/28\/dispararon-desde-un-helicoptero-los-reos-que-sobrevivieron-a-una-masacre-en-tijuana\/\" aria-label=\"&#8216;Dispararon desde un helic\u00f3ptero&#8217;: los reos que sobrevivieron a una masacre en Tijuana\"><img loading=\"lazy\" decoding=\"async\" width=\"640\" height=\"534\" src=\"https:\/\/i0.wp.com\/karlacasillas.mx\/wp-content\/uploads\/2022\/06\/Captura-de-pantalla-2022-06-03-a-las-11.28.25.png?fit=640%2C534&amp;ssl=1\" class=\"attachment-large size-large wp-post-image\" alt=\"\" style=\"\" srcset=\"https:\/\/i0.wp.com\/karlacasillas.mx\/wp-content\/uploads\/2022\/06\/Captura-de-pantalla-2022-06-03-a-las-11.28.25.png?w=640&amp;ssl=1 640w, https:\/\/i0.wp.com\/karlacasillas.mx\/wp-content\/uploads\/2022\/06\/Captura-de-pantalla-2022-06-03-a-las-11.28.25.png?resize=300%2C250&amp;ssl=1 300w\" sizes=\"auto, (max-width: 640px) 100vw, 640px\" \/><\/a><\/div><a class=\"wp-block-latest-posts__post-title\" href=\"https:\/\/karlacasillas.mx\/index.php\/2017\/11\/28\/dispararon-desde-un-helicoptero-los-reos-que-sobrevivieron-a-una-masacre-en-tijuana\/\">&#8216;Dispararon desde un helic\u00f3ptero&#8217;: los reos que sobrevivieron a una masacre en Tijuana<\/a><\/li>\n<li><div class=\"wp-block-latest-posts__featured-image\"><a href=\"https:\/\/karlacasillas.mx\/index.php\/2017\/11\/27\/las-rinas-motines-y-suicidios-en-las-carceles-de-mexico-se-han-duplicado-en-este-sexenio\/\" aria-label=\"Las ri\u00f1as, motines y suicidios en las c\u00e1rceles de M\u00e9xico se han duplicado en este sexenio\"><img loading=\"lazy\" decoding=\"async\" width=\"640\" height=\"529\" src=\"https:\/\/i0.wp.com\/karlacasillas.mx\/wp-content\/uploads\/2022\/06\/Captura-de-pantalla-2022-06-03-a-las-11.26.31.png?fit=640%2C529&amp;ssl=1\" class=\"attachment-large size-large wp-post-image\" alt=\"\" style=\"\" srcset=\"https:\/\/i0.wp.com\/karlacasillas.mx\/wp-content\/uploads\/2022\/06\/Captura-de-pantalla-2022-06-03-a-las-11.26.31.png?w=644&amp;ssl=1 644w, https:\/\/i0.wp.com\/karlacasillas.mx\/wp-content\/uploads\/2022\/06\/Captura-de-pantalla-2022-06-03-a-las-11.26.31.png?resize=300%2C248&amp;ssl=1 300w\" sizes=\"auto, (max-width: 640px) 100vw, 640px\" \/><\/a><\/div><a class=\"wp-block-latest-posts__post-title\" href=\"https:\/\/karlacasillas.mx\/index.php\/2017\/11\/27\/las-rinas-motines-y-suicidios-en-las-carceles-de-mexico-se-han-duplicado-en-este-sexenio\/\">Las ri\u00f1as, motines y suicidios en las c\u00e1rceles de M\u00e9xico se han duplicado en este sexenio<\/a><\/li>\n<\/ul>","protected":false},"excerpt":{"rendered":"<p>VICE. 29 de noviembre de 2017. Texto: Oll\u00edn Velasco. Ilustraciones: Clementina Le\u00f3n con im\u00e1genes de cuartoscuro.com Por aqu\u00ed les dejo el link a la publicaci\u00f3n original: &#8220;La huelga de hambre que uni\u00f3 a los narcos m\u00e1s peligrosos en M\u00e9xico.&#8221; Volver a SERIE. &#8220;Disturbios tras las rejas.&#8221;<\/p>\n","protected":false},"author":1,"featured_media":434,"comment_status":"closed","ping_status":"open","sticky":false,"template":"","format":"standard","meta":{"_mi_skip_tracking":false,"_monsterinsights_sitenote_active":false,"_monsterinsights_sitenote_note":"","_monsterinsights_sitenote_category":0,"footnotes":""},"categories":[8,1],"tags":[],"class_list":["post-449","post","type-post","status-publish","format-standard","has-post-thumbnail","hentry","category-serie1","category-uncategorized"],"aioseo_notices":[],"jetpack_featured_media_url":"https:\/\/i0.wp.com\/karlacasillas.mx\/wp-content\/uploads\/2022\/06\/Captura-de-pantalla-2022-06-03-a-las-11.29.06.png?fit=641%2C535&ssl=1","_links":{"self":[{"href":"https:\/\/karlacasillas.mx\/index.php\/wp-json\/wp\/v2\/posts\/449","targetHints":{"allow":["GET"]}}],"collection":[{"href":"https:\/\/karlacasillas.mx\/index.php\/wp-json\/wp\/v2\/posts"}],"about":[{"href":"https:\/\/karlacasillas.mx\/index.php\/wp-json\/wp\/v2\/types\/post"}],"author":[{"embeddable":true,"href":"https:\/\/karlacasillas.mx\/index.php\/wp-json\/wp\/v2\/users\/1"}],"replies":[{"embeddable":true,"href":"https:\/\/karlacasillas.mx\/index.php\/wp-json\/wp\/v2\/comments?post=449"}],"version-history":[{"count":6,"href":"https:\/\/karlacasillas.mx\/index.php\/wp-json\/wp\/v2\/posts\/449\/revisions"}],"predecessor-version":[{"id":901,"href":"https:\/\/karlacasillas.mx\/index.php\/wp-json\/wp\/v2\/posts\/449\/revisions\/901"}],"wp:featuredmedia":[{"embeddable":true,"href":"https:\/\/karlacasillas.mx\/index.php\/wp-json\/wp\/v2\/media\/434"}],"wp:attachment":[{"href":"https:\/\/karlacasillas.mx\/index.php\/wp-json\/wp\/v2\/media?parent=449"}],"wp:term":[{"taxonomy":"category","embeddable":true,"href":"https:\/\/karlacasillas.mx\/index.php\/wp-json\/wp\/v2\/categories?post=449"},{"taxonomy":"post_tag","embeddable":true,"href":"https:\/\/karlacasillas.mx\/index.php\/wp-json\/wp\/v2\/tags?post=449"}],"curies":[{"name":"wp","href":"https:\/\/api.w.org\/{rel}","templated":true}]}}