{"id":319,"date":"2014-11-24T19:35:00","date_gmt":"2014-11-24T19:35:00","guid":{"rendered":"https:\/\/karlacasillas.mx\/?p=319"},"modified":"2024-03-09T00:44:50","modified_gmt":"2024-03-09T00:44:50","slug":"pierde-gdf-por-renta-de-espacios-publicos","status":"publish","type":"post","link":"https:\/\/karlacasillas.mx\/index.php\/2014\/11\/24\/pierde-gdf-por-renta-de-espacios-publicos\/","title":{"rendered":"Pierde GDF por renta de espacios p\u00fablicos"},"content":{"rendered":"\n<p>El Universal.  24 de noviembre de 2014.  Autoras: Karla Casillas y Valentina P\u00e9rez Botero.  Infograf\u00eda: Ferm\u00edn Garc\u00eda.<\/p>\n\n\n\n<figure class=\"wp-block-embed-pdf-viewer-pdf wp-block-embed-pdf-viewer-pdf__content-wrapper aligncenter\"><object class=\"embed-pdf-viewer\" data=\"https:\/\/karlacasillas.mx\/wp-content\/uploads\/2022\/05\/PIERDE-GDF-POR-RENTA-DE-ESPACIOS-PU\u0301BLICOS.pdf#scrollbar=1&amp;toolbar=1\" type=\"application\/pdf\" height=\"1100\" width=\"1100\" title=\"\"><\/object><iframe loading=\"lazy\" class=\"embed-pdf-viewer\" src=\"https:\/\/docs.google.com\/viewer?url=https%3A%2F%2Fkarlacasillas.mx%2Fwp-content%2Fuploads%2F2022%2F05%2FPIERDE-GDF-POR-RENTA-DE-ESPACIOS-PU%CC%81BLICOS.pdf&amp;embedded=true\" frameborder=\"0\" height=\"1100\" width=\"1100\" title=\"\"><\/iframe><\/figure>\n","protected":false},"excerpt":{"rendered":"<p>El Universal. 24 de noviembre de 2014. Autoras: Karla Casillas y Valentina P\u00e9rez Botero. Infograf\u00eda: Ferm\u00edn Garc\u00eda.<\/p>\n","protected":false},"author":1,"featured_media":321,"comment_status":"closed","ping_status":"open","sticky":false,"template":"","format":"standard","meta":{"_mi_skip_tracking":false,"_monsterinsights_sitenote_active":false,"_monsterinsights_sitenote_note":"","_monsterinsights_sitenote_category":0,"footnotes":""},"categories":[4,1],"tags":[],"class_list":["post-319","post","type-post","status-publish","format-standard","has-post-thumbnail","hentry","category-investigacion","category-uncategorized"],"aioseo_notices":[],"jetpack_featured_media_url":"https:\/\/karlacasillas.mx\/wp-content\/uploads\/2022\/05\/PIERDE-GDF-POR-RENTA-DE-ESPACIOS-PU\u0301BLICOS-1-pdf.jpg","_links":{"self":[{"href":"https:\/\/karlacasillas.mx\/index.php\/wp-json\/wp\/v2\/posts\/319","targetHints":{"allow":["GET"]}}],"collection":[{"href":"https:\/\/karlacasillas.mx\/index.php\/wp-json\/wp\/v2\/posts"}],"about":[{"href":"https:\/\/karlacasillas.mx\/index.php\/wp-json\/wp\/v2\/types\/post"}],"author":[{"embeddable":true,"href":"https:\/\/karlacasillas.mx\/index.php\/wp-json\/wp\/v2\/users\/1"}],"replies":[{"embeddable":true,"href":"https:\/\/karlacasillas.mx\/index.php\/wp-json\/wp\/v2\/comments?post=319"}],"version-history":[{"count":4,"href":"https:\/\/karlacasillas.mx\/index.php\/wp-json\/wp\/v2\/posts\/319\/revisions"}],"predecessor-version":[{"id":872,"href":"https:\/\/karlacasillas.mx\/index.php\/wp-json\/wp\/v2\/posts\/319\/revisions\/872"}],"wp:featuredmedia":[{"embeddable":true,"href":"https:\/\/karlacasillas.mx\/index.php\/wp-json\/wp\/v2\/media\/321"}],"wp:attachment":[{"href":"https:\/\/karlacasillas.mx\/index.php\/wp-json\/wp\/v2\/media?parent=319"}],"wp:term":[{"taxonomy":"category","embeddable":true,"href":"https:\/\/karlacasillas.mx\/index.php\/wp-json\/wp\/v2\/categories?post=319"},{"taxonomy":"post_tag","embeddable":true,"href":"https:\/\/karlacasillas.mx\/index.php\/wp-json\/wp\/v2\/tags?post=319"}],"curies":[{"name":"wp","href":"https:\/\/api.w.org\/{rel}","templated":true}]}}