{"id":218,"date":"2015-03-09T18:51:00","date_gmt":"2015-03-09T18:51:00","guid":{"rendered":"https:\/\/karlacasillas.mx\/?p=218"},"modified":"2024-03-09T00:44:50","modified_gmt":"2024-03-09T00:44:50","slug":"ninos-perdidos-en-archivo-muerto","status":"publish","type":"post","link":"https:\/\/karlacasillas.mx\/index.php\/2015\/03\/09\/ninos-perdidos-en-archivo-muerto\/","title":{"rendered":"Ni\u00f1os perdidos: en archivo muerto"},"content":{"rendered":"\n<p>El Universal.  09 de marzo de 2022.  Autora: Valentina P\u00e9rez Botero, Sa\u00fal Hern\u00e1ndez y Karla Casillas.  <\/p>\n\n\n\n<figure class=\"wp-block-embed-pdf-viewer-pdf wp-block-embed-pdf-viewer-pdf__content-wrapper aligncenter\"><object class=\"embed-pdf-viewer\" data=\"https:\/\/karlacasillas.mx\/wp-content\/uploads\/2022\/05\/034-NIN\u0303OS-ROBADOS-EN-ARCHIVO-MUERTO-09-MARZO-2015-INTERIOR.pdf#scrollbar=1&amp;toolbar=1\" type=\"application\/pdf\" height=\"1100\" width=\"1100\" title=\"\"><\/object><iframe loading=\"lazy\" class=\"embed-pdf-viewer\" src=\"https:\/\/docs.google.com\/viewer?url=https%3A%2F%2Fkarlacasillas.mx%2Fwp-content%2Fuploads%2F2022%2F05%2F034-NIN%CC%83OS-ROBADOS-EN-ARCHIVO-MUERTO-09-MARZO-2015-INTERIOR.pdf&amp;embedded=true\" frameborder=\"0\" height=\"1100\" width=\"1100\" title=\"\"><\/iframe><\/figure>\n","protected":false},"excerpt":{"rendered":"<p>El Universal. 09 de marzo de 2022. Autora: Valentina P\u00e9rez Botero, Sa\u00fal Hern\u00e1ndez y Karla Casillas.<\/p>\n","protected":false},"author":1,"featured_media":291,"comment_status":"closed","ping_status":"open","sticky":false,"template":"","format":"standard","meta":{"_mi_skip_tracking":false,"_monsterinsights_sitenote_active":false,"_monsterinsights_sitenote_note":"","_monsterinsights_sitenote_category":0,"footnotes":""},"categories":[4,1],"tags":[],"class_list":["post-218","post","type-post","status-publish","format-standard","has-post-thumbnail","hentry","category-investigacion","category-uncategorized"],"aioseo_notices":[],"jetpack_featured_media_url":"https:\/\/karlacasillas.mx\/wp-content\/uploads\/2015\/03\/034-NIN\u0303OS-ROBADOS-EN-ARCHIVO-MUERTO-09-MARZO-2015-INTERIOR-pdf.jpg","_links":{"self":[{"href":"https:\/\/karlacasillas.mx\/index.php\/wp-json\/wp\/v2\/posts\/218","targetHints":{"allow":["GET"]}}],"collection":[{"href":"https:\/\/karlacasillas.mx\/index.php\/wp-json\/wp\/v2\/posts"}],"about":[{"href":"https:\/\/karlacasillas.mx\/index.php\/wp-json\/wp\/v2\/types\/post"}],"author":[{"embeddable":true,"href":"https:\/\/karlacasillas.mx\/index.php\/wp-json\/wp\/v2\/users\/1"}],"replies":[{"embeddable":true,"href":"https:\/\/karlacasillas.mx\/index.php\/wp-json\/wp\/v2\/comments?post=218"}],"version-history":[{"count":5,"href":"https:\/\/karlacasillas.mx\/index.php\/wp-json\/wp\/v2\/posts\/218\/revisions"}],"predecessor-version":[{"id":871,"href":"https:\/\/karlacasillas.mx\/index.php\/wp-json\/wp\/v2\/posts\/218\/revisions\/871"}],"wp:featuredmedia":[{"embeddable":true,"href":"https:\/\/karlacasillas.mx\/index.php\/wp-json\/wp\/v2\/media\/291"}],"wp:attachment":[{"href":"https:\/\/karlacasillas.mx\/index.php\/wp-json\/wp\/v2\/media?parent=218"}],"wp:term":[{"taxonomy":"category","embeddable":true,"href":"https:\/\/karlacasillas.mx\/index.php\/wp-json\/wp\/v2\/categories?post=218"},{"taxonomy":"post_tag","embeddable":true,"href":"https:\/\/karlacasillas.mx\/index.php\/wp-json\/wp\/v2\/tags?post=218"}],"curies":[{"name":"wp","href":"https:\/\/api.w.org\/{rel}","templated":true}]}}