{"id":175,"date":"2021-12-03T19:36:00","date_gmt":"2021-12-03T19:36:00","guid":{"rendered":"https:\/\/karlacasillas.mx\/?p=175"},"modified":"2024-03-09T00:46:49","modified_gmt":"2024-03-09T00:46:49","slug":"las-batallas-de-leo-contra-el-sistema-penal","status":"publish","type":"post","link":"https:\/\/karlacasillas.mx\/index.php\/2021\/12\/03\/las-batallas-de-leo-contra-el-sistema-penal\/","title":{"rendered":"Las batallas de Leo contra el sistema penal"},"content":{"rendered":"\n<p>Pie de P\u00e1gina.  03 de diciembre de 2021   Texto: Dulce Soto\/ Corriente Alterna Infograf\u00eda: Ren\u00e9 Zubieta Ilustraci\u00f3n: Iurhi Pe\u00f1a<\/p>\n\n\n\n<p>Este reportaje forma parte del proyecto &#8220;Cambia la Historia: periodismo constructivo con enfoque de g\u00e9nero&#8221;. Aqu\u00ed les dejo el enlace a la web del proyecto donde podr\u00e1n encontrar esta historia junto a muchas otras: <a href=\"https:\/\/cambialahistoria.info\/\" target=\"_blank\" rel=\"noreferrer noopener\" title=\"&quot;Cambia la historia&quot;\">&#8220;Cambia la historia&#8221;<\/a><\/p>\n\n\n\n<figure class=\"wp-block-embed-pdf-viewer-pdf wp-block-embed-pdf-viewer-pdf__content-wrapper aligncenter\"><object class=\"embed-pdf-viewer\" data=\"https:\/\/karlacasillas.mx\/wp-content\/uploads\/2022\/03\/LAS_BATALLAS_DE_LEO_CONTRA_EL_SISTEMA_PENAL_PIE_DE_PA\u0301GINA.pdf#scrollbar=1&amp;toolbar=1\" type=\"application\/pdf\" height=\"1100\" width=\"1100\" title=\"\"><\/object><iframe loading=\"lazy\" class=\"embed-pdf-viewer\" src=\"https:\/\/docs.google.com\/viewer?url=https%3A%2F%2Fkarlacasillas.mx%2Fwp-content%2Fuploads%2F2022%2F03%2FLAS_BATALLAS_DE_LEO_CONTRA_EL_SISTEMA_PENAL_PIE_DE_PA%CC%81GINA.pdf&amp;embedded=true\" frameborder=\"0\" height=\"1100\" width=\"1100\" title=\"\"><\/iframe><\/figure>\n\n\n\n<p>Aqu\u00ed les dejo el enlace de la publicaci\u00f3n original: <a href=\"https:\/\/piedepagina.mx\/las-batallas-de-leo-contra-el-sistema-penal\/\" target=\"_blank\" rel=\"noreferrer noopener\" title=\"&quot;Las batallas de Leo contra el sistema penal&quot;\">&#8220;Las batallas de Leo contra el sistema penal&#8221;<\/a><\/p>\n","protected":false},"excerpt":{"rendered":"<p>Pie de P\u00e1gina. 03 de diciembre de 2021 Texto: Dulce Soto\/ Corriente Alterna Infograf\u00eda: Ren\u00e9 Zubieta Ilustraci\u00f3n: Iurhi Pe\u00f1a Este reportaje forma parte del proyecto &#8220;Cambia la Historia: periodismo constructivo con enfoque de g\u00e9nero&#8221;. Aqu\u00ed les dejo el enlace a la web del proyecto donde podr\u00e1n encontrar esta historia junto a muchas otras: &#8220;Cambia la&#8230;<\/p>\n","protected":false},"author":1,"featured_media":177,"comment_status":"closed","ping_status":"open","sticky":false,"template":"","format":"standard","meta":{"_mi_skip_tracking":false,"_monsterinsights_sitenote_active":false,"_monsterinsights_sitenote_note":"","_monsterinsights_sitenote_category":0,"footnotes":""},"categories":[5,1],"tags":[],"class_list":["post-175","post","type-post","status-publish","format-standard","has-post-thumbnail","hentry","category-edicion","category-uncategorized"],"aioseo_notices":[],"jetpack_featured_media_url":"https:\/\/i0.wp.com\/karlacasillas.mx\/wp-content\/uploads\/2022\/03\/Captura-de-pantalla-2022-03-04-a-las-13.20.02.png?fit=952%2C538&ssl=1","_links":{"self":[{"href":"https:\/\/karlacasillas.mx\/index.php\/wp-json\/wp\/v2\/posts\/175","targetHints":{"allow":["GET"]}}],"collection":[{"href":"https:\/\/karlacasillas.mx\/index.php\/wp-json\/wp\/v2\/posts"}],"about":[{"href":"https:\/\/karlacasillas.mx\/index.php\/wp-json\/wp\/v2\/types\/post"}],"author":[{"embeddable":true,"href":"https:\/\/karlacasillas.mx\/index.php\/wp-json\/wp\/v2\/users\/1"}],"replies":[{"embeddable":true,"href":"https:\/\/karlacasillas.mx\/index.php\/wp-json\/wp\/v2\/comments?post=175"}],"version-history":[{"count":4,"href":"https:\/\/karlacasillas.mx\/index.php\/wp-json\/wp\/v2\/posts\/175\/revisions"}],"predecessor-version":[{"id":887,"href":"https:\/\/karlacasillas.mx\/index.php\/wp-json\/wp\/v2\/posts\/175\/revisions\/887"}],"wp:featuredmedia":[{"embeddable":true,"href":"https:\/\/karlacasillas.mx\/index.php\/wp-json\/wp\/v2\/media\/177"}],"wp:attachment":[{"href":"https:\/\/karlacasillas.mx\/index.php\/wp-json\/wp\/v2\/media?parent=175"}],"wp:term":[{"taxonomy":"category","embeddable":true,"href":"https:\/\/karlacasillas.mx\/index.php\/wp-json\/wp\/v2\/categories?post=175"},{"taxonomy":"post_tag","embeddable":true,"href":"https:\/\/karlacasillas.mx\/index.php\/wp-json\/wp\/v2\/tags?post=175"}],"curies":[{"name":"wp","href":"https:\/\/api.w.org\/{rel}","templated":true}]}}