{"id":170,"date":"2021-12-02T19:03:00","date_gmt":"2021-12-02T19:03:00","guid":{"rendered":"https:\/\/karlacasillas.mx\/?p=170"},"modified":"2024-03-09T00:46:50","modified_gmt":"2024-03-09T00:46:50","slug":"la-bitacora-de-las-violencias","status":"publish","type":"post","link":"https:\/\/karlacasillas.mx\/index.php\/2021\/12\/02\/la-bitacora-de-las-violencias\/","title":{"rendered":"La bit\u00e1cora de las violencias"},"content":{"rendered":"\n<p>Pie de P\u00e1gina.  02 de diciembre de 2021.  Texto: Daniela Rea.  Fotograf\u00edas: Mar\u00eda Ruiz<\/p>\n\n\n\n<p>Este reportaje forma parte del proyecto &#8220;Cambia la Historia: periodismo constructivo con enfoque de g\u00e9nero&#8221;. Aqu\u00ed les dejo el enlace a la web del proyecto donde podr\u00e1n encontrar esta historia junto a muchas otras: <a href=\"https:\/\/cambialahistoria.info\/\" target=\"_blank\" rel=\"noreferrer noopener\" title=\"&quot;Cambia la historia&quot;\">&#8220;Cambia la historia&#8221;<\/a><\/p>\n\n\n\n<figure class=\"wp-block-embed-pdf-viewer-pdf wp-block-embed-pdf-viewer-pdf__content-wrapper aligncenter\"><object class=\"embed-pdf-viewer\" data=\"https:\/\/karlacasillas.mx\/wp-content\/uploads\/2022\/03\/LA_BITA\u0301CORA_DE_LAS_VIOLENCIAS_PIE_DE_PA\u0301GINA.pdf#scrollbar=1&amp;toolbar=1\" type=\"application\/pdf\" height=\"1100\" width=\"1100\" title=\"\"><\/object><iframe loading=\"lazy\" class=\"embed-pdf-viewer\" src=\"https:\/\/docs.google.com\/viewer?url=https%3A%2F%2Fkarlacasillas.mx%2Fwp-content%2Fuploads%2F2022%2F03%2FLA_BITA%CC%81CORA_DE_LAS_VIOLENCIAS_PIE_DE_PA%CC%81GINA.pdf&amp;embedded=true\" frameborder=\"0\" height=\"1100\" width=\"1100\" title=\"\"><\/iframe><\/figure>\n\n\n\n<p>Por aqu\u00ed les dejo el enlace a la publicaci\u00f3n original: <a href=\"https:\/\/piedepagina.mx\/la-bitacora-de-las-violencias\/\" target=\"_blank\" rel=\"noreferrer noopener\" title=\"&quot;La bit\u00e1cora de las violencias&quot;\">&#8220;La bit\u00e1cora de las violencias&#8221;<\/a><\/p>\n","protected":false},"excerpt":{"rendered":"<p>Pie de P\u00e1gina. 02 de diciembre de 2021. Texto: Daniela Rea. Fotograf\u00edas: Mar\u00eda Ruiz Este reportaje forma parte del proyecto &#8220;Cambia la Historia: periodismo constructivo con enfoque de g\u00e9nero&#8221;. Aqu\u00ed les dejo el enlace a la web del proyecto donde podr\u00e1n encontrar esta historia junto a muchas otras: &#8220;Cambia la historia&#8221; Por aqu\u00ed les dejo&#8230;<\/p>\n","protected":false},"author":1,"featured_media":174,"comment_status":"closed","ping_status":"open","sticky":false,"template":"","format":"standard","meta":{"_mi_skip_tracking":false,"_monsterinsights_sitenote_active":false,"_monsterinsights_sitenote_note":"","_monsterinsights_sitenote_category":0,"footnotes":""},"categories":[5,1],"tags":[],"class_list":["post-170","post","type-post","status-publish","format-standard","has-post-thumbnail","hentry","category-edicion","category-uncategorized"],"aioseo_notices":[],"jetpack_featured_media_url":"https:\/\/i0.wp.com\/karlacasillas.mx\/wp-content\/uploads\/2022\/03\/Captura-de-pantalla-2022-03-04-a-las-12.59.41.png?fit=918%2C613&ssl=1","_links":{"self":[{"href":"https:\/\/karlacasillas.mx\/index.php\/wp-json\/wp\/v2\/posts\/170","targetHints":{"allow":["GET"]}}],"collection":[{"href":"https:\/\/karlacasillas.mx\/index.php\/wp-json\/wp\/v2\/posts"}],"about":[{"href":"https:\/\/karlacasillas.mx\/index.php\/wp-json\/wp\/v2\/types\/post"}],"author":[{"embeddable":true,"href":"https:\/\/karlacasillas.mx\/index.php\/wp-json\/wp\/v2\/users\/1"}],"replies":[{"embeddable":true,"href":"https:\/\/karlacasillas.mx\/index.php\/wp-json\/wp\/v2\/comments?post=170"}],"version-history":[{"count":4,"href":"https:\/\/karlacasillas.mx\/index.php\/wp-json\/wp\/v2\/posts\/170\/revisions"}],"predecessor-version":[{"id":889,"href":"https:\/\/karlacasillas.mx\/index.php\/wp-json\/wp\/v2\/posts\/170\/revisions\/889"}],"wp:featuredmedia":[{"embeddable":true,"href":"https:\/\/karlacasillas.mx\/index.php\/wp-json\/wp\/v2\/media\/174"}],"wp:attachment":[{"href":"https:\/\/karlacasillas.mx\/index.php\/wp-json\/wp\/v2\/media?parent=170"}],"wp:term":[{"taxonomy":"category","embeddable":true,"href":"https:\/\/karlacasillas.mx\/index.php\/wp-json\/wp\/v2\/categories?post=170"},{"taxonomy":"post_tag","embeddable":true,"href":"https:\/\/karlacasillas.mx\/index.php\/wp-json\/wp\/v2\/tags?post=170"}],"curies":[{"name":"wp","href":"https:\/\/api.w.org\/{rel}","templated":true}]}}