{"id":143,"date":"2021-10-13T00:12:24","date_gmt":"2021-10-13T00:12:24","guid":{"rendered":"https:\/\/karlacasillas.mx\/?p=143"},"modified":"2024-03-09T00:45:59","modified_gmt":"2024-03-09T00:45:59","slug":"los-medios-tienen-una-relacion-toxica-con-la-violencia-de-genero-en-mexico-es-hora-de-frenarla","status":"publish","type":"post","link":"https:\/\/karlacasillas.mx\/index.php\/2021\/10\/13\/los-medios-tienen-una-relacion-toxica-con-la-violencia-de-genero-en-mexico-es-hora-de-frenarla\/","title":{"rendered":"Los medios tienen una relaci\u00f3n t\u00f3xica con la violencia de g\u00e9nero en M\u00e9xico. Es hora de frenarla."},"content":{"rendered":"\n<p>Washington Post. 13 de octube de 2021. Autores: Karla Casillas<\/p>\n\n\n\n<figure class=\"wp-block-embed-pdf-viewer-pdf wp-block-embed-pdf-viewer-pdf__content-wrapper aligncenter\"><object class=\"embed-pdf-viewer\" data=\"https:\/\/karlacasillas.mx\/wp-content\/uploads\/2022\/03\/LOS_MEDIOS_TIENEN_UNA_RELACIO\u0301N_TO\u0301XICA_CON_LA_VIOLENCIA_DE_GE\u0301NERO_EN_ME\u0301XICO.pdf#scrollbar=1&amp;toolbar=1\" type=\"application\/pdf\" height=\"1100\" width=\"1100\" title=\"\"><\/object><iframe loading=\"lazy\" class=\"embed-pdf-viewer\" src=\"https:\/\/docs.google.com\/viewer?url=https%3A%2F%2Fkarlacasillas.mx%2Fwp-content%2Fuploads%2F2022%2F03%2FLOS_MEDIOS_TIENEN_UNA_RELACIO%CC%81N_TO%CC%81XICA_CON_LA_VIOLENCIA_DE_GE%CC%81NERO_EN_ME%CC%81XICO.pdf&amp;embedded=true\" frameborder=\"0\" height=\"1100\" width=\"1100\" title=\"\"><\/iframe><\/figure>\n\n\n\n<p>Aqu\u00ed les dejo el link de la publicaci\u00f3n original: <a href=\"https:\/\/www.washingtonpost.com\/es\/post-opinion\/2021\/10\/13\/violencia-genero-mujeres-feminicidios-medios-comunicacion-prensa\/\" target=\"_blank\" rel=\"noreferrer noopener\" title=\"&quot;Los medios tienen una relaci\u00f3n t\u00f3xica con la violencia de g\u00e9nero en M\u00e9xico. Es hora de frenarla.&quot;\">&#8220;Los medios tienen una relaci\u00f3n t\u00f3xica con la violencia de g\u00e9nero en M\u00e9xico. Es hora de frenarla.&#8221;<\/a><\/p>\n","protected":false},"excerpt":{"rendered":"<p>Washington Post. 13 de octube de 2021. Autores: Karla Casillas Aqu\u00ed les dejo el link de la publicaci\u00f3n original: &#8220;Los medios tienen una relaci\u00f3n t\u00f3xica con la violencia de g\u00e9nero en M\u00e9xico. Es hora de frenarla.&#8221;<\/p>\n","protected":false},"author":1,"featured_media":147,"comment_status":"closed","ping_status":"open","sticky":false,"template":"","format":"standard","meta":{"_mi_skip_tracking":false,"_monsterinsights_sitenote_active":false,"_monsterinsights_sitenote_note":"","_monsterinsights_sitenote_category":0,"footnotes":""},"categories":[6,1],"tags":[],"class_list":["post-143","post","type-post","status-publish","format-standard","has-post-thumbnail","hentry","category-opinion","category-uncategorized"],"aioseo_notices":[],"jetpack_featured_media_url":"https:\/\/i0.wp.com\/karlacasillas.mx\/wp-content\/uploads\/2021\/10\/Captura-de-pantalla-2022-03-03-a-las-13.34.23.png?fit=634%2C405&ssl=1","_links":{"self":[{"href":"https:\/\/karlacasillas.mx\/index.php\/wp-json\/wp\/v2\/posts\/143","targetHints":{"allow":["GET"]}}],"collection":[{"href":"https:\/\/karlacasillas.mx\/index.php\/wp-json\/wp\/v2\/posts"}],"about":[{"href":"https:\/\/karlacasillas.mx\/index.php\/wp-json\/wp\/v2\/types\/post"}],"author":[{"embeddable":true,"href":"https:\/\/karlacasillas.mx\/index.php\/wp-json\/wp\/v2\/users\/1"}],"replies":[{"embeddable":true,"href":"https:\/\/karlacasillas.mx\/index.php\/wp-json\/wp\/v2\/comments?post=143"}],"version-history":[{"count":6,"href":"https:\/\/karlacasillas.mx\/index.php\/wp-json\/wp\/v2\/posts\/143\/revisions"}],"predecessor-version":[{"id":896,"href":"https:\/\/karlacasillas.mx\/index.php\/wp-json\/wp\/v2\/posts\/143\/revisions\/896"}],"wp:featuredmedia":[{"embeddable":true,"href":"https:\/\/karlacasillas.mx\/index.php\/wp-json\/wp\/v2\/media\/147"}],"wp:attachment":[{"href":"https:\/\/karlacasillas.mx\/index.php\/wp-json\/wp\/v2\/media?parent=143"}],"wp:term":[{"taxonomy":"category","embeddable":true,"href":"https:\/\/karlacasillas.mx\/index.php\/wp-json\/wp\/v2\/categories?post=143"},{"taxonomy":"post_tag","embeddable":true,"href":"https:\/\/karlacasillas.mx\/index.php\/wp-json\/wp\/v2\/tags?post=143"}],"curies":[{"name":"wp","href":"https:\/\/api.w.org\/{rel}","templated":true}]}}