{"id":131,"date":"2021-05-20T22:44:00","date_gmt":"2021-05-20T22:44:00","guid":{"rendered":"https:\/\/karlacasillas.mx\/?p=131"},"modified":"2024-03-09T00:44:50","modified_gmt":"2024-03-09T00:44:50","slug":"caso-homun-la-suprema-corte-puede-sentar-un-gran-precedente-ambiental-en-mexico","status":"publish","type":"post","link":"https:\/\/karlacasillas.mx\/index.php\/2021\/05\/20\/caso-homun-la-suprema-corte-puede-sentar-un-gran-precedente-ambiental-en-mexico\/","title":{"rendered":"Caso Hom\u00fan: la Suprema Corte puede sentar un gran precedente ambiental en M\u00e9xico"},"content":{"rendered":"\n<p>Washington Post.  20 de mayo de 2021.  Autora: Karla Casillas<\/p>\n\n\n\n<figure class=\"wp-block-embed-pdf-viewer-pdf wp-block-embed-pdf-viewer-pdf__content-wrapper aligncenter\"><object class=\"embed-pdf-viewer\" data=\"https:\/\/karlacasillas.mx\/wp-content\/uploads\/2022\/03\/CASO_HOMUN_LA_SUPREMA_CORTE_PUEDE_SENTAR_UN_GRAN_PRECEDENTE_AMBIENTAL_EN_MEXICO.pdf#scrollbar=1&amp;toolbar=1\" type=\"application\/pdf\" height=\"1100\" width=\"1100\" title=\"\"><\/object><iframe loading=\"lazy\" class=\"embed-pdf-viewer\" src=\"https:\/\/docs.google.com\/viewer?url=https%3A%2F%2Fkarlacasillas.mx%2Fwp-content%2Fuploads%2F2022%2F03%2FCASO_HOMUN_LA_SUPREMA_CORTE_PUEDE_SENTAR_UN_GRAN_PRECEDENTE_AMBIENTAL_EN_MEXICO.pdf&amp;embedded=true\" frameborder=\"0\" height=\"1100\" width=\"1100\" title=\"\"><\/iframe><\/figure>\n\n\n\n<p>Aqu\u00ed les dejo el link a la publicaci\u00f3n original: <a href=\"https:\/\/www.washingtonpost.com\/es\/post-opinion\/2021\/05\/20\/cenotes-yucatan-cerdos-caso-homun-suprema-corte\/\" target=\"_blank\" rel=\"noreferrer noopener\" title=\"&quot;Caso Hom\u00fan: la Suprema Corte puede sentar un gran precedente ambiental en M\u00e9xico&quot;\">&#8220;Caso Hom\u00fan: la Suprema Corte puede sentar un gran precedente ambiental en M\u00e9xico&#8221;<\/a><\/p>\n","protected":false},"excerpt":{"rendered":"<p>Washington Post. 20 de mayo de 2021. Autora: Karla Casillas Aqu\u00ed les dejo el link a la publicaci\u00f3n original: &#8220;Caso Hom\u00fan: la Suprema Corte puede sentar un gran precedente ambiental en M\u00e9xico&#8221;<\/p>\n","protected":false},"author":1,"featured_media":133,"comment_status":"closed","ping_status":"open","sticky":false,"template":"","format":"standard","meta":{"_mi_skip_tracking":false,"_monsterinsights_sitenote_active":false,"_monsterinsights_sitenote_note":"","_monsterinsights_sitenote_category":0,"footnotes":""},"categories":[4,1],"tags":[],"class_list":["post-131","post","type-post","status-publish","format-standard","has-post-thumbnail","hentry","category-investigacion","category-uncategorized"],"aioseo_notices":[],"jetpack_featured_media_url":"https:\/\/i0.wp.com\/karlacasillas.mx\/wp-content\/uploads\/2022\/03\/Captura-de-pantalla-2022-03-03-a-las-14.39.59.png?fit=633%2C509&ssl=1","_links":{"self":[{"href":"https:\/\/karlacasillas.mx\/index.php\/wp-json\/wp\/v2\/posts\/131","targetHints":{"allow":["GET"]}}],"collection":[{"href":"https:\/\/karlacasillas.mx\/index.php\/wp-json\/wp\/v2\/posts"}],"about":[{"href":"https:\/\/karlacasillas.mx\/index.php\/wp-json\/wp\/v2\/types\/post"}],"author":[{"embeddable":true,"href":"https:\/\/karlacasillas.mx\/index.php\/wp-json\/wp\/v2\/users\/1"}],"replies":[{"embeddable":true,"href":"https:\/\/karlacasillas.mx\/index.php\/wp-json\/wp\/v2\/comments?post=131"}],"version-history":[{"count":6,"href":"https:\/\/karlacasillas.mx\/index.php\/wp-json\/wp\/v2\/posts\/131\/revisions"}],"predecessor-version":[{"id":978,"href":"https:\/\/karlacasillas.mx\/index.php\/wp-json\/wp\/v2\/posts\/131\/revisions\/978"}],"wp:featuredmedia":[{"embeddable":true,"href":"https:\/\/karlacasillas.mx\/index.php\/wp-json\/wp\/v2\/media\/133"}],"wp:attachment":[{"href":"https:\/\/karlacasillas.mx\/index.php\/wp-json\/wp\/v2\/media?parent=131"}],"wp:term":[{"taxonomy":"category","embeddable":true,"href":"https:\/\/karlacasillas.mx\/index.php\/wp-json\/wp\/v2\/categories?post=131"},{"taxonomy":"post_tag","embeddable":true,"href":"https:\/\/karlacasillas.mx\/index.php\/wp-json\/wp\/v2\/tags?post=131"}],"curies":[{"name":"wp","href":"https:\/\/api.w.org\/{rel}","templated":true}]}}