{"id":1010,"date":"2025-06-10T20:10:00","date_gmt":"2025-06-10T20:10:00","guid":{"rendered":"https:\/\/karlacasillas.mx\/?p=1010"},"modified":"2025-06-12T20:34:35","modified_gmt":"2025-06-12T20:34:35","slug":"la-mochila-invisible-desafios-y-resiliencias-de-periodistas-centroamericanas-en-el-exilio","status":"publish","type":"post","link":"https:\/\/karlacasillas.mx\/index.php\/2025\/06\/10\/la-mochila-invisible-desafios-y-resiliencias-de-periodistas-centroamericanas-en-el-exilio\/","title":{"rendered":"La mochila invisible: desaf\u00edos y resiliencias de periodistas centroamericanas en el exilio."},"content":{"rendered":"\n<p>DW AKADEMIE. 10 de junio de 2025. Autores: \u00c9dgar L\u00f3pez y Karen Saavedra.<\/p>\n\n\n\n<figure class=\"wp-block-embed-pdf-viewer-pdf wp-block-embed-pdf-viewer-pdf__content-wrapper aligncenter\"><object class=\"embed-pdf-viewer\" data=\"https:\/\/karlacasillas.mx\/wp-content\/uploads\/2025\/06\/PUBLICACION_LA-MOCHILA-INVISIBLE-VFD.pdf#scrollbar=1&amp;toolbar=1\" type=\"application\/pdf\" height=\"1100\" width=\"1100\"><\/object><iframe loading=\"lazy\" class=\"embed-pdf-viewer\" src=\"https:\/\/docs.google.com\/viewer?url=https%3A%2F%2Fkarlacasillas.mx%2Fwp-content%2Fuploads%2F2025%2F06%2FPUBLICACION_LA-MOCHILA-INVISIBLE-VFD.pdf&amp;embedded=true\" frameborder=\"0\" height=\"1100\" width=\"1100\"><\/iframe><\/figure>\n\n\n\n<p>Por aqu\u00ed les dejo el enlace a la publicaci\u00f3n original: &#8221;\u00a0<a href=\"https:\/\/periodismolibre.org\/recurso\/publicacion-la-mochila-invisible-desafios-y-resiliencias-de-periodistas-centroamericanas-en-el-exilio-de-dw-akademie-e-iplex\/\" target=\"_blank\" rel=\"noreferrer noopener\">La mochila invisible: desaf\u00edos y resiliencias de periodistas centroamericanas en exilio<\/a>&#8220;.<\/p>\n\n\n\n<p><\/p>\n","protected":false},"excerpt":{"rendered":"<p>DW AKADEMIE. 10 de junio de 2025. Autores: \u00c9dgar L\u00f3pez y Karen Saavedra. Por aqu\u00ed les dejo el enlace a la publicaci\u00f3n original: &#8221;\u00a0La mochila invisible: desaf\u00edos y resiliencias de periodistas centroamericanas en exilio&#8220;.<\/p>\n","protected":false},"author":1,"featured_media":1012,"comment_status":"closed","ping_status":"open","sticky":false,"template":"","format":"standard","meta":{"_mi_skip_tracking":false,"_monsterinsights_sitenote_active":false,"_monsterinsights_sitenote_note":"","_monsterinsights_sitenote_category":0,"footnotes":""},"categories":[5,1],"tags":[],"class_list":["post-1010","post","type-post","status-publish","format-standard","has-post-thumbnail","hentry","category-edicion","category-uncategorized"],"aioseo_notices":[],"jetpack_featured_media_url":"https:\/\/i0.wp.com\/karlacasillas.mx\/wp-content\/uploads\/2025\/06\/Captura-de-pantalla-2025-06-12-a-las-14.23.43.png?fit=1225%2C849&ssl=1","_links":{"self":[{"href":"https:\/\/karlacasillas.mx\/index.php\/wp-json\/wp\/v2\/posts\/1010","targetHints":{"allow":["GET"]}}],"collection":[{"href":"https:\/\/karlacasillas.mx\/index.php\/wp-json\/wp\/v2\/posts"}],"about":[{"href":"https:\/\/karlacasillas.mx\/index.php\/wp-json\/wp\/v2\/types\/post"}],"author":[{"embeddable":true,"href":"https:\/\/karlacasillas.mx\/index.php\/wp-json\/wp\/v2\/users\/1"}],"replies":[{"embeddable":true,"href":"https:\/\/karlacasillas.mx\/index.php\/wp-json\/wp\/v2\/comments?post=1010"}],"version-history":[{"count":2,"href":"https:\/\/karlacasillas.mx\/index.php\/wp-json\/wp\/v2\/posts\/1010\/revisions"}],"predecessor-version":[{"id":1014,"href":"https:\/\/karlacasillas.mx\/index.php\/wp-json\/wp\/v2\/posts\/1010\/revisions\/1014"}],"wp:featuredmedia":[{"embeddable":true,"href":"https:\/\/karlacasillas.mx\/index.php\/wp-json\/wp\/v2\/media\/1012"}],"wp:attachment":[{"href":"https:\/\/karlacasillas.mx\/index.php\/wp-json\/wp\/v2\/media?parent=1010"}],"wp:term":[{"taxonomy":"category","embeddable":true,"href":"https:\/\/karlacasillas.mx\/index.php\/wp-json\/wp\/v2\/categories?post=1010"},{"taxonomy":"post_tag","embeddable":true,"href":"https:\/\/karlacasillas.mx\/index.php\/wp-json\/wp\/v2\/tags?post=1010"}],"curies":[{"name":"wp","href":"https:\/\/api.w.org\/{rel}","templated":true}]}}